{"id":38442,"date":"2024-03-29T11:55:10","date_gmt":"2024-03-29T10:55:10","guid":{"rendered":"https:\/\/webgas.net\/en\/?post_type=press-release&#038;p=38442"},"modified":"2024-03-29T11:55:12","modified_gmt":"2024-03-29T10:55:12","slug":"le-cicatrici-dei-ragazzi-linclusione-e-il-supporto-del-bullone-attraverso-la-digitalizzazione","status":"publish","type":"press-release","link":"https:\/\/webgas.net\/en\/press-release\/le-cicatrici-dei-ragazzi-linclusione-e-il-supporto-del-bullone-attraverso-la-digitalizzazione\/","title":{"rendered":"Le cicatrici dei ragazzi: l\u2019inclusione e il supporto del Bullone attraverso la digitalizzazione"},"content":{"rendered":"\n<p><em>Napoli, 7 marzo 2024<\/em> &#8211; <strong>Bullone<\/strong>, organizzazione no profit con sede a Milano, annuncia la sua missione di promuovere la responsabilit\u00e0 sociale attraverso il coinvolgimento e l&#8217;inclusione di giovani che hanno affrontato o stanno tuttora affrontando il percorso della malattia.&nbsp;<\/p>\n\n\n\n<p>Conosciuti come B.Liver, questi ragazzi sono il cuore pulsante del Bullone, un&#8217;iniziativa innovativa che <strong>sfida i pregiudizi e i tab\u00f9<\/strong>, promuovendo uno sviluppo sociale, ambientale ed economico-sostenibile. Il Bullone si distingue per il suo approccio innovativo alla sensibilizzazione, utilizzando progetti artistici visionari, viaggi temerari, storytelling e incontri che uniscono realt\u00e0 diverse in percorsi originali.<\/p>\n\n\n\n<p>Il progetto nasce dal cuore del fondatore, Bill Niada, che con i suoi sforzi &#8211; e la sua voglia di aiutare chi, come lui, ha dovuto fare i conti con una realt\u00e0 fatta di perdita &#8211; ha gi\u00e0 partecipato alla fondazione di numerose organizzazioni profit e no profit, come l\u2019impresa sociale Near, la Fondazione Magica Cleme e la Fondazione B.LIVE.<\/p>\n\n\n\n<p><em>\u00ab<\/em><em>Un sito internet \u00e8 una finestra attraverso cui raccontare ancora meglio la nostra storia passata, presente e futura <\/em>&#8211; Afferma Bill Niada &#8211;<em> i fantastici progetti del Bullone e le storie dei B.Liver che ogni giorno ci accompagnano oltre la malattia e verso un nuovo punto di vista.<\/em><em>\u00bb<\/em><\/p>\n\n\n\n<p>La Fondazione Bullone invita individui, organizzazioni e aziende a unirsi a loro nella promozione di una societ\u00e0 pi\u00f9 responsabile, abbracciando la diversit\u00e0 e l&#8217;inclusione come chiavi per uno sviluppo sostenibile.&nbsp;<\/p>\n\n\n\n<p>Nell\u2019epoca fulcro della <strong>trasformazione digitale<\/strong>, il Bullone ha deciso di raggiungere tutti i ragazzi anche al di fuori del proprio raggio d\u2019azione, trasformando il proprio sito per ottimizzarne la navigazione, fornendo metodi diretti per le donazioni a favore delle attivit\u00e0 no-profit, affidando il proprio design a <strong>WebGas.net<\/strong>, agenzia di performance marketing attiva in campo di redesign e supporto per lo la realizzazione di siti web adatti alle proprie attivit\u00e0 di riferimento.&nbsp;<\/p>\n\n\n\n<p><em>\u00abUn progetto di redesign simile &#8211; <\/em>spiega Antonio Tresca, CEO di WebGas.net &#8211; <em>\u00e8 stato estremamente importante per WebGas.net in quanto \u00e8 un tema che tocca tutti noi, al quale \u00e8 giusto dare una propria valorizzazione e il proprio spazio nella scena digitale.\u00bb<\/em><br>Come raccontato da tutte le persone che lo compongono, il Bullone \u00e8 <strong>pensiero <\/strong>per i suoi valori di riflessione e critica sociale, ma \u00e8 anche <strong>azione<\/strong>, per l\u2019impegno nel coinvolgimento e nella partecipazione, cos\u00ec come \u00e8 <strong>academy<\/strong>, grazie ai suoi corsi di formazione e valorizzazione dell\u2019impegno giovanile in un contesto sociale che li fa sentire abbandonati.<\/p>\n","protected":false},"excerpt":{"rendered":"<p> Bullone, organizzazione no profit con sede a Milano, annuncia la sua missione di promuovere la responsabilit\u00e0 sociale attraverso il coinvolgimento e l&#8217;inclusione di giovani che hanno affrontato o stanno tuttora affrontando il percorso della malattia.\u00a0<\/p>\n","protected":false},"featured_media":7916,"template":"","format":"standard","meta":{"content-type":"","site-sidebar-layout":"default","site-content-layout":"","ast-site-content-layout":"default","site-content-style":"default","site-sidebar-style":"default","ast-global-header-display":"","ast-banner-title-visibility":"","ast-main-header-display":"","ast-hfb-above-header-display":"","ast-hfb-below-header-display":"","ast-hfb-mobile-header-display":"","site-post-title":"","ast-breadcrumbs-content":"","ast-featured-img":"","footer-sml-layout":"","ast-disable-related-posts":"","theme-transparent-header-meta":"","adv-header-id-meta":"","stick-header-meta":"","header-above-stick-meta":"","header-main-stick-meta":"","header-below-stick-meta":"","astra-migrate-meta-layouts":"set","ast-page-background-enabled":"default","ast-page-background-meta":{"desktop":{"background-color":"","background-image":"","background-repeat":"repeat","background-position":"center center","background-size":"auto","background-attachment":"scroll","background-type":"","background-media":"","overlay-type":"","overlay-color":"","overlay-opacity":"","overlay-gradient":""},"tablet":{"background-color":"","background-image":"","background-repeat":"repeat","background-position":"center center","background-size":"auto","background-attachment":"scroll","background-type":"","background-media":"","overlay-type":"","overlay-color":"","overlay-opacity":"","overlay-gradient":""},"mobile":{"background-color":"","background-image":"","background-repeat":"repeat","background-position":"center center","background-size":"auto","background-attachment":"scroll","background-type":"","background-media":"","overlay-type":"","overlay-color":"","overlay-opacity":"","overlay-gradient":""}},"ast-content-background-meta":{"desktop":{"background-color":"var(--ast-global-color-5)","background-image":"","background-repeat":"repeat","background-position":"center center","background-size":"auto","background-attachment":"scroll","background-type":"","background-media":"","overlay-type":"","overlay-color":"","overlay-opacity":"","overlay-gradient":""},"tablet":{"background-color":"var(--ast-global-color-5)","background-image":"","background-repeat":"repeat","background-position":"center center","background-size":"auto","background-attachment":"scroll","background-type":"","background-media":"","overlay-type":"","overlay-color":"","overlay-opacity":"","overlay-gradient":""},"mobile":{"background-color":"var(--ast-global-color-5)","background-image":"","background-repeat":"repeat","background-position":"center center","background-size":"auto","background-attachment":"scroll","background-type":"","background-media":"","overlay-type":"","overlay-color":"","overlay-opacity":"","overlay-gradient":""}},"footnotes":""},"class_list":["post-38442","press-release","type-press-release","status-publish","format-standard","has-post-thumbnail","hentry"],"_links":{"self":[{"href":"https:\/\/webgas.net\/en\/wp-json\/wp\/v2\/press-release\/38442","targetHints":{"allow":["GET"]}}],"collection":[{"href":"https:\/\/webgas.net\/en\/wp-json\/wp\/v2\/press-release"}],"about":[{"href":"https:\/\/webgas.net\/en\/wp-json\/wp\/v2\/types\/press-release"}],"version-history":[{"count":0,"href":"https:\/\/webgas.net\/en\/wp-json\/wp\/v2\/press-release\/38442\/revisions"}],"wp:featuredmedia":[{"embeddable":true,"href":"https:\/\/webgas.net\/en\/wp-json\/wp\/v2\/media\/7916"}],"wp:attachment":[{"href":"https:\/\/webgas.net\/en\/wp-json\/wp\/v2\/media?parent=38442"}],"curies":[{"name":"wp","href":"https:\/\/api.w.org\/{rel}","templated":true}]}}